{"id":666,"date":"2019-05-17T14:04:41","date_gmt":"2019-05-17T12:04:41","guid":{"rendered":"http:\/\/blog.perspectus.se\/?p=666"},"modified":"2019-05-17T14:04:41","modified_gmt":"2019-05-17T12:04:41","slug":"intervjuguide-for-politiska-journalister","status":"publish","type":"post","link":"https:\/\/blog.perspectus.se\/?p=666","title":{"rendered":"Intervjuguide f\u00f6r politiska journalister"},"content":{"rendered":"<p>Jag lyssnar ibland p\u00e5 radions P1, n\u00e4r journalister har lite mer tid p\u00e5 sig att intervjua politiker om hur de t\u00e4nker sig att deras partiers politik ska g\u00f6ra samh\u00e4llet b\u00e4ttre. Jag t\u00e4nker d\u00e5 ofta att vi medborgare skulle ha nytta av om journalister inspirerades av programteori n\u00e4r de intervjuar. Dels f\u00f6r att f\u00f6rm\u00e5 politiker att bli tydligare och mer konkreta, dels f\u00f6r att hj\u00e4lpa oss lyssnare att f\u00e5 en klarare f\u00f6rst\u00e5else f\u00f6r s\u00e4rdragen i partiernas politik. Varje parti, varje politiker utformar politik och \u00e5tg\u00e4rdsf\u00f6rslag inom ramen f\u00f6r vissa antaganden om hur m\u00e4nniskor och samh\u00e4llet fungerar, och mer konkret om vad som fungerar och vad som inte fungerar n\u00e4r man vill \u00e5stadkomma n\u00e5got. Om vi kan f\u00e5 politikerna att p\u00e5 ett tydligare s\u00e4tt redovisa den b\u00e4rande logiken i deras politik s\u00e5 f\u00e5r vi medborgare b\u00e4ttre m\u00f6jligheter att bed\u00f6ma om vi tycker att politikerna adresserar r\u00e4tt problem, om vi h\u00e5ller med om m\u00e5len och om vi tror att de \u00e5tg\u00e4rder som f\u00f6resl\u00e5s skulle kunna fungera. Om det \u00e4r l\u00e4ttare att j\u00e4mf\u00f6ra partiernas syns\u00e4tt s\u00e5 kan det i f\u00f6rl\u00e4ngningen ocks\u00e5 bli uppenbart att skillnader i syns\u00e4tt kan anv\u00e4ndas f\u00f6r att utveckla b\u00e4ttre strategier f\u00f6r hanteringen av viktiga samh\u00e4llsfr\u00e5gor. Det f\u00f6ruts\u00e4tter d\u00e5 att man faktiskt reflekterar \u00f6ver skillnader i vilka problem man s\u00e4tter fokus p\u00e5, i vilka antaganden man har om vad som fungerar och inte, och inte minst p\u00e5 allvar lyssnar p\u00e5 de inv\u00e4ndningar meningsmotst\u00e5ndare har mot egna problemformuleringar och \u00e5tg\u00e4rdsf\u00f6rslag.<\/p>\n<p>Jag har skissat p\u00e5 en intervjuguide som, givetvis med anpassning till det s\u00e4rskilda samman\u00adhanget, skulle kunna anv\u00e4ndas i s\u00e5dana intervjuer. Guiden bygger p\u00e5 en variant av programteori som jag sj\u00e4lv anv\u00e4nder i forskning. Den best\u00e5r av fyra delar, som grovt kan kallas <em>Problem\u00adformulering, M\u00e5l, F\u00f6r\u00e4ndringsteorier <\/em>och<em> \u00c5tg\u00e4rder. <\/em><\/p>\n<p>Intervjuformen l\u00e4mpar sig f\u00f6r intervjuer d\u00e4r intervjuaren vill h\u00f6ra hur politikern t\u00e4nker sig att man ska hantera specifika samh\u00e4llsproblem. Exempel p\u00e5 s\u00e5dana kan vara klimatf\u00f6r\u00e4ndringar, s\u00e4rskilda milj\u00f6problem, l\u00e5ngtidssjukskrivningar, ungas psykiska oh\u00e4lsa, svaga skolresultat, g\u00e4ngkriminalitet, v\u00e5ldsbejakande extremism, utsatta f\u00f6rortsomr\u00e5den, arbetsl\u00f6shet bland in\u00advandrare, missbruk, v\u00e5ld i n\u00e4ra relationer, hot och hat mot offentliga personer, m.m., m.m.<\/p>\n<p>Syftena med intervju\u00adformatet \u00e4r:<br \/>\n(1) att tydligg\u00f6ra och konkretisera hela kedjan av problemformulering, antaganden, f\u00f6r\u00ad\u00e4nd\u00adringsteorier, \u00e5tg\u00e4rder och m\u00e5l. I synnerhet g\u00e4ller det att f\u00e5 politikerna att f\u00f6rklara hur de t\u00e4nker sig att f\u00f6reslagna \u00e5tg\u00e4rder steg f\u00f6r steg ska leda fram till \u00f6nskade resultat, d.v.s. vilka verkansmekanismer de tror p\u00e5. H\u00e4rigenom kan vi medborgare f\u00e5 st\u00f6rre m\u00f6jligheter att dels bed\u00f6ma i vilken m\u00e5n vi tycker syns\u00e4ttet st\u00e4mmer \u00f6verens med v\u00e5ra egna f\u00f6rest\u00e4llningar, dels ta st\u00e4llning till om vi tror att de f\u00f6reslagna \u00e5tg\u00e4rderna faktiskt skulle kunna fungera;<br \/>\n(2) att underl\u00e4tta f\u00f6r oss medborgare att <em>j\u00e4mf\u00f6ra<\/em> olika partiers problemformuleringar, m\u00e5l, f\u00f6r\u00e4ndringsteorier och m\u00e5l inom olika politikomr\u00e5den.<\/p>\n<p>Intervjuguiden bygger p\u00e5 huvudfr\u00e5gor och (eventuella) f\u00f6ljdfr\u00e5gor. &#8220;[X]&#8221; nedan ska f\u00f6rst\u00e5s bytas ut mot problem, orsaker eller m\u00e5l som \u00e4r relevanta i sammanhanget.<\/p>\n<p>*************************************************************<\/p>\n<p><em>Problemformulering<\/em><\/p>\n<p>Hur skulle du vilja beskriva vad problemet med [X] \u00e4r? Vilka \u00e4r de allvarligaste kon\u00adsek\u00advenserna?<\/p>\n<ul>\n<li>F\u00f6retr\u00e4dare f\u00f6r parti A\/B\/C\/D ser ju [X] som det stora problemet i sammanhanget, hur t\u00e4nker du om det?<\/li>\n<\/ul>\n<ul>\n<li>Vill du peka ut s\u00e4rskilt viktiga orsaker till att problemet med [X] finns?\n<ul>\n<li>F\u00f6retr\u00e4dare f\u00f6r parti A\/B\/C\/D menar att [X] spelar en viktig roll f\u00f6r problemet, hur vill du kommentera det?<\/li>\n<\/ul>\n<\/li>\n<li>Finns det v\u00e4rden eller principer som \u00e4r s\u00e4rskilt viktiga f\u00f6r hur ni i ert parti st\u00e4ller till [problem X]?<\/li>\n<\/ul>\n<p><em>M\u00e5l<\/em><\/p>\n<ul>\n<li>Vad vill ditt parti uppn\u00e5 i den h\u00e4r fr\u00e5gan, vilka \u00e4r era m\u00e5l?\n<ul>\n<li>Kan du konkretisera era m\u00e5l mer? Hur skulle vi veta att er politik givit resultat?<\/li>\n<li>Parti A\/B\/C\/D menar att det \u00e4r viktigt att uppn\u00e5 [X], hur ser du p\u00e5 det?<\/li>\n<\/ul>\n<\/li>\n<\/ul>\n<p><em>\u00c5tg\u00e4rder<\/em><\/p>\n<ul>\n<li>Vilka \u00e5tg\u00e4rder f\u00f6resl\u00e5r ni f\u00f6r att kunna uppn\u00e5 de m\u00e5l ni satt?\n<ul>\n<li>Vad inneb\u00e4r detta mer konkret? Vem ska g\u00f6ra vad? Hur ska det finansieras?<\/li>\n<li>Parti A\/B\/C\/D kritiserar era \u00e5tg\u00e4rdsf\u00f6rslag f\u00f6r de menar att dessa \u00e5tg\u00e4rder skulle kunna leda till de o\u00f6nskade konsekvenserna [X]. Hur vill du kommentera det?<\/li>\n<li>Parti A\/B\/C\/D kritiserar era \u00e5tg\u00e4rdsf\u00f6rslag f\u00f6r de menar att dessa \u00e5tg\u00e4rder inte alls \u00e4r verksamma vad g\u00e4ller problem [X], som de menar \u00e4r centrala. Hur vill du kommentera det?<\/li>\n<\/ul>\n<\/li>\n<li>Parti A\/B\/C\/D har en annan syn, de f\u00f6resl\u00e5r i st\u00e4llet \u00e5tg\u00e4rden [X], hur ser du p\u00e5 det?<\/li>\n<\/ul>\n<p><em>F\u00f6r\u00e4ndringsteorier<\/em><\/p>\n<ul>\n<li>Hur t\u00e4nker ni er att de \u00e5tg\u00e4rder ni f\u00f6resl\u00e5r ska leda till \u00f6nskade resultat? Kan du beskriva hur ni t\u00e4nker sj\u00e4lva verkansmekanismerna? Precis hur ska \u00e5tg\u00e4rderna s\u00e4tta ig\u00e5ng en kedja av h\u00e4ndelser som leder till att m\u00e5len uppfylls?\n<ul>\n<li>Parti A\/B\/C\/D argumenterar ju att det \u00e4r mer effektivt\/ger f\u00e4rre o\u00f6nskade effekter om man i st\u00e4llet f\u00f6rlitar sig p\u00e5 [verkansmekanism X]. Hur ser du p\u00e5 det argumentet?<\/li>\n<\/ul>\n<\/li>\n<\/ul>\n<p>*************************************************************<\/p>\n<p>Detta \u00e4r bara ett utkast, inte s\u00e5 grundligt genomt\u00e4nkt, men jag t\u00e4nker att n\u00e5got i denna anda skulle kunna beh\u00f6vas. Formatet \u00e4r nu t\u00e4nkt mest f\u00f6r de utf\u00f6rliga intervjuer som ibland f\u00f6rekommer i radio och TV. Om politiska dagstidningsjournalister inf\u00f6r t.ex. val g\u00f6r denna typ av intervjuer, s\u00e5 skulle de kunna skriva ihop r\u00e4tt v\u00e4lstrukturerade artiklar d\u00e4r olika partiers programteorier kan st\u00e4llas sida vid sida, som ett slags mer grundliga varudeklarationer att begrunda inf\u00f6r v\u00e5ra v\u00e4gval.<\/p>\n","protected":false},"excerpt":{"rendered":"<p>Jag lyssnar ibland p\u00e5 radions P1, n\u00e4r journalister har lite mer tid p\u00e5 sig att intervjua politiker om hur de t\u00e4nker sig att deras partiers politik ska g\u00f6ra samh\u00e4llet b\u00e4ttre. Jag t\u00e4nker d\u00e5 ofta att vi medborgare skulle ha nytta av om journalister inspirerades av programteori n\u00e4r de intervjuar. Dels f\u00f6r att f\u00f6rm\u00e5 politiker att &hellip; <a href=\"https:\/\/blog.perspectus.se\/?p=666\" class=\"more-link\">Continue reading <span class=\"screen-reader-text\">Intervjuguide f\u00f6r politiska journalister<\/span><\/a><\/p>\n","protected":false},"author":1,"featured_media":0,"comment_status":"open","ping_status":"open","sticky":false,"template":"","format":"standard","meta":{"jetpack_post_was_ever_published":false,"_jetpack_newsletter_access":"","_jetpack_dont_email_post_to_subs":false,"_jetpack_newsletter_tier_id":0,"_jetpack_memberships_contains_paywalled_content":false,"_jetpack_memberships_contains_paid_content":false,"footnotes":""},"categories":[23,9],"tags":[],"class_list":["post-666","post","type-post","status-publish","format-standard","hentry","category-komplexa-samhallsfragor","category-medvetenhet-i-samhallslivet"],"jetpack_featured_media_url":"","jetpack_sharing_enabled":true,"jetpack_likes_enabled":true,"_links":{"self":[{"href":"https:\/\/blog.perspectus.se\/index.php?rest_route=\/wp\/v2\/posts\/666","targetHints":{"allow":["GET"]}}],"collection":[{"href":"https:\/\/blog.perspectus.se\/index.php?rest_route=\/wp\/v2\/posts"}],"about":[{"href":"https:\/\/blog.perspectus.se\/index.php?rest_route=\/wp\/v2\/types\/post"}],"author":[{"embeddable":true,"href":"https:\/\/blog.perspectus.se\/index.php?rest_route=\/wp\/v2\/users\/1"}],"replies":[{"embeddable":true,"href":"https:\/\/blog.perspectus.se\/index.php?rest_route=%2Fwp%2Fv2%2Fcomments&post=666"}],"version-history":[{"count":1,"href":"https:\/\/blog.perspectus.se\/index.php?rest_route=\/wp\/v2\/posts\/666\/revisions"}],"predecessor-version":[{"id":667,"href":"https:\/\/blog.perspectus.se\/index.php?rest_route=\/wp\/v2\/posts\/666\/revisions\/667"}],"wp:attachment":[{"href":"https:\/\/blog.perspectus.se\/index.php?rest_route=%2Fwp%2Fv2%2Fmedia&parent=666"}],"wp:term":[{"taxonomy":"category","embeddable":true,"href":"https:\/\/blog.perspectus.se\/index.php?rest_route=%2Fwp%2Fv2%2Fcategories&post=666"},{"taxonomy":"post_tag","embeddable":true,"href":"https:\/\/blog.perspectus.se\/index.php?rest_route=%2Fwp%2Fv2%2Ftags&post=666"}],"curies":[{"name":"wp","href":"https:\/\/api.w.org\/{rel}","templated":true}]}}