{"id":978,"date":"2025-08-14T09:43:57","date_gmt":"2025-08-14T07:43:57","guid":{"rendered":"https:\/\/blog.perspectus.se\/?p=978"},"modified":"2025-08-14T09:44:00","modified_gmt":"2025-08-14T07:44:00","slug":"kompetens-att-navigera-i-komplexa-utmaningar","status":"publish","type":"post","link":"http:\/\/blog.perspectus.se\/?p=978","title":{"rendered":"Kompetens att navigera i komplexa utmaningar"},"content":{"rendered":"\n<p class=\"has-medium-font-size\">Utveckling av strategisk kompetens med st\u00f6d av dialektiska tankeformer<\/p>\n\n\n\n<p>Jag har flera g\u00e5nger i den h\u00e4r bloggen skrivit om &#8220;dialektiska tankeformer&#8221;, och f\u00f6rs\u00f6kt f\u00f6rmedla att h\u00e4r finns ett kraftfullt ramverk som kan st\u00e4rka individers, gruppers och organisationers kompetens att varsebli, f\u00f6rst\u00e5 och hantera komplexitet (se bloggtexterna <em><a href=\"http:\/\/blog.perspectus.se\/?p=161\">En dialektisk v\u00e4rldsbild<\/a><\/em>,\u00a0<em><a href=\"http:\/\/blog.perspectus.se\/?p=444\">Dialektiska tankeformer: n\u00f6dv\u00e4ndiga f\u00f6r att hantera en komplex verklighet<\/a><\/em>, och <em><a href=\"https:\/\/blog.perspectus.se\/?p=877\">Kompetens att navigera i komplexa fr\u00e5gor<\/a><\/em>) . Jag ser s\u00e5dan f\u00f6rm\u00e5ga som livsavg\u00f6rande f\u00f6r v\u00e5rt samh\u00e4lle p\u00e5 alla niv\u00e5er, inklusive den globala niv\u00e5n. Det handlar om individers, gruppers, organisationers och n\u00e4tverk av akt\u00f6rers f\u00f6rm\u00e5ga att bem\u00e4stra komplexa utmaningar. Att jag har ett s\u00e5 starkt engagemang i detta tema \u00e4r ocks\u00e5 anledningen till att jag lagt en hel del tid p\u00e5 att medverka i utvecklingen av <em>Inner Development Goals<\/em>-ramverket. Men jag \u00e5terkommer ofta till k\u00e4nslan av att v\u00e4rlden skulle kunna ha stor nytta av att flera m\u00e4nniskor och organisationer tr\u00e4nade upp sig i dialektiskt t\u00e4nkande, s\u00e5 som det \u00e4r beskrivet i DTF, ramverket om dialektiska tankeformer. <\/p>\n\n\n\n<p>Jag har i omg\u00e5ngar arbetat med att sammanst\u00e4lla \u00f6versikter \u00f6ver ramverket DTF. Nu de senaste veckorna tog jag itu med att f\u00e5 ihop en mer genomarbetad skrift om DTF. Jag har flitigt anv\u00e4nt mig av AI f\u00f6r detta projekt (och beskriver lite om hur i sj\u00e4lva skriften). Nu finns skriften publicerad i min egen lilla skriftserie, och du kan ladda ner den via denna l\u00e4nk: <a href=\"https:\/\/www.dropbox.com\/scl\/fi\/bmtbcllo8h96oobyf7d47\/DTF.pdf?rlkey=ppsvo1qiejnetnej8ebepzjfj&amp;dl=0\"><strong>Kompetens att navigera i komplexa utmaningar<\/strong>. <strong>Utveckling av strategisk kompetens med st\u00f6d av dialektiska tankeformer<\/strong><\/a><\/p>\n\n\n\n<p>H\u00e4r \u00e4r inneh\u00e5llsf\u00f6rteckningen: <br>1. Inledning <br>2. De fyra typerna av medvetenhet i DTF-ramverket <br>3. Att f\u00f6rst\u00e5 och arbeta med sig sj\u00e4lv i ljuset av DTF<br>4. Att f\u00f6rst\u00e5 och relatera till andra i ljuset av DTF <br>5. Kompetensutveckling f\u00f6r individer och grupper <br>6. Att anv\u00e4nda DTF f\u00f6r utveckling p\u00e5 organisationsniv\u00e5 <br>7. En fiktiv DTF-baserad coachingsession <br>8. N\u00e4r milj\u00f6kritiken tvingade fram nyt\u00e4nkande &#8211; ett DTF-baserat ledningsgruppsm\u00f6te 9. Fr\u00e5n konflikt till samverkan &#8211; en myndighets DTF-transformation<\/p>\n\n\n\n<p>Skriften \u00e4r p\u00e5 drygt 60 sidor. De tre sista kapitlen \u00e4r fiktiva fallber\u00e4ttelser, skrivna av AIn Claude efter mina instruktioner och baserad p\u00e5 mycket k\u00e4llmaterial om DTF. Jag tycker de \u00e4r mycket intressanta att l\u00e4sa, \u00e4ven om de ju just \u00e4r fiktiva och d\u00e4rmed inte g\u00f6r r\u00e4ttvisa till hur st\u00f6kig och problematisk verkligheten oftast \u00e4r. <\/p>\n\n\n\n<p><\/p>\n","protected":false},"excerpt":{"rendered":"<p>Utveckling av strategisk kompetens med st\u00f6d av dialektiska tankeformer Jag har flera g\u00e5nger i den h\u00e4r bloggen skrivit om &#8220;dialektiska tankeformer&#8221;, och f\u00f6rs\u00f6kt f\u00f6rmedla att h\u00e4r finns ett kraftfullt ramverk som kan st\u00e4rka individers, gruppers och organisationers kompetens att varsebli, f\u00f6rst\u00e5 och hantera komplexitet (se bloggtexterna En dialektisk v\u00e4rldsbild,\u00a0Dialektiska tankeformer: n\u00f6dv\u00e4ndiga f\u00f6r att hantera en &hellip; <a href=\"http:\/\/blog.perspectus.se\/?p=978\" class=\"more-link\">Continue reading <span class=\"screen-reader-text\">Kompetens att navigera i komplexa utmaningar<\/span><\/a><\/p>\n","protected":false},"author":1,"featured_media":0,"comment_status":"open","ping_status":"open","sticky":false,"template":"","format":"standard","meta":{"jetpack_post_was_ever_published":false,"_jetpack_newsletter_access":"","_jetpack_dont_email_post_to_subs":false,"_jetpack_newsletter_tier_id":0,"_jetpack_memberships_contains_paywalled_content":false,"_jetpack_memberships_contains_paid_content":false,"footnotes":""},"categories":[23,9,26],"tags":[],"class_list":["post-978","post","type-post","status-publish","format-standard","hentry","category-komplexa-samhallsfragor","category-medvetenhet-i-samhallslivet","category-vuxenutveckling"],"jetpack_featured_media_url":"","jetpack_sharing_enabled":true,"jetpack_likes_enabled":true,"_links":{"self":[{"href":"http:\/\/blog.perspectus.se\/index.php?rest_route=\/wp\/v2\/posts\/978","targetHints":{"allow":["GET"]}}],"collection":[{"href":"http:\/\/blog.perspectus.se\/index.php?rest_route=\/wp\/v2\/posts"}],"about":[{"href":"http:\/\/blog.perspectus.se\/index.php?rest_route=\/wp\/v2\/types\/post"}],"author":[{"embeddable":true,"href":"http:\/\/blog.perspectus.se\/index.php?rest_route=\/wp\/v2\/users\/1"}],"replies":[{"embeddable":true,"href":"http:\/\/blog.perspectus.se\/index.php?rest_route=%2Fwp%2Fv2%2Fcomments&post=978"}],"version-history":[{"count":2,"href":"http:\/\/blog.perspectus.se\/index.php?rest_route=\/wp\/v2\/posts\/978\/revisions"}],"predecessor-version":[{"id":980,"href":"http:\/\/blog.perspectus.se\/index.php?rest_route=\/wp\/v2\/posts\/978\/revisions\/980"}],"wp:attachment":[{"href":"http:\/\/blog.perspectus.se\/index.php?rest_route=%2Fwp%2Fv2%2Fmedia&parent=978"}],"wp:term":[{"taxonomy":"category","embeddable":true,"href":"http:\/\/blog.perspectus.se\/index.php?rest_route=%2Fwp%2Fv2%2Fcategories&post=978"},{"taxonomy":"post_tag","embeddable":true,"href":"http:\/\/blog.perspectus.se\/index.php?rest_route=%2Fwp%2Fv2%2Ftags&post=978"}],"curies":[{"name":"wp","href":"https:\/\/api.w.org\/{rel}","templated":true}]}}