{"id":976,"date":"2025-08-12T11:28:34","date_gmt":"2025-08-12T09:28:34","guid":{"rendered":"https:\/\/blog.perspectus.se\/?p=976"},"modified":"2025-08-23T09:08:29","modified_gmt":"2025-08-23T07:08:29","slug":"hur-skapar-vi-forutsattningar-for-utrikesfodda-arbetslosa-att-kunna-integrera-sig-pa-den-svenska-arbetsmarknaden","status":"publish","type":"post","link":"http:\/\/blog.perspectus.se\/?p=976","title":{"rendered":"Hur skapar vi f\u00f6ruts\u00e4ttningar f\u00f6r utrikesf\u00f6dda arbetsl\u00f6sa att kunna integrera sig p\u00e5 den svenska arbetsmarknaden?"},"content":{"rendered":"\n<p class=\"has-medium-font-size\">En utv\u00e4rdering av projektet Etableringslyftet<\/p>\n\n\n\n<p>Jag arbetade under v\u00e5ren 2025 med ett utv\u00e4rderingsuppdrag av &#8220;Etableringslyftet&#8221;, ett projekt som drivs av Sollentuna, Upplands V\u00e4sby och Sigtuna kommuner, och i n\u00e4ra samverkan med Arbetsf\u00f6rmedlingen. Verksamheten syftar till st\u00f6dja utrikesf\u00f6dda arbetsl\u00f6sa att f\u00e5 ett jobb, alternativt p\u00e5b\u00f6rja studier som leder till arbete. Projektet har haft mycket goda resultat, och mitt uppdrag handlade om att analysera vad i arbetsformerna som kan f\u00f6rklara dessa resultat. F\u00f6r att f\u00f6rst\u00e5 det var det n\u00f6dv\u00e4ndigt att ing\u00e5ende inventera och beskriva hindren f\u00f6r utrikesf\u00f6ddas intr\u00e4de p\u00e5 arbetsmarknaden. Det handlar verkligen inte bara om att det finns ont om lediga jobb, eller att utrikesf\u00f6dda diskrimineras p\u00e5 arbetsmarknaden (vilket givetvis f\u00f6rekommer). Det visade sig att hinder finns i hur v\u00e5ra samh\u00e4llsstrukturer fungerar, men ocks\u00e5 hos de arbetsl\u00f6sa utrikesf\u00f6dda sj\u00e4lva, samt p\u00e5 arbetsgivarsidan.<\/p>\n\n\n\n<p>Efter en ing\u00e5ende genomg\u00e5ng av de olikartade typer av hinder som kan f\u00f6rekomma var min uppgift att inventera och beskriva de arbetsformer Etableringslyftet utvecklat f\u00f6r att \u00f6verbrygga dessa hinder. Min bed\u00f6mning \u00e4r att det finns mycket betydelsefulla l\u00e4rdomar att utvinna fr\u00e5n Etableringslyftets arbetss\u00e4tt och organisation, l\u00e4rdomar som om de f\u00e5r spridning och leder till f\u00f6r\u00e4ndringar i hur svenska samh\u00e4llet st\u00f6djer integration, skulle kunna g\u00f6ra stor skillnad. Detta \u00e4r f\u00f6rst\u00e5s en mycket betydelsefull samh\u00e4llsfr\u00e5ga, kanske kan man till och med ben\u00e4mna det en \u00f6desfr\u00e5ga. Ett omfattande utanf\u00f6rskap bland utrikesf\u00f6dda skapar grogrund f\u00f6r fattigdom, begr\u00e4nsningar i individernas m\u00f6jligheter att skapa meningsfulla livsv\u00e4gar och bidra till samh\u00e4llet, och i v\u00e4rsta fall kriminalitet. <\/p>\n\n\n\n<p>Jag \u00e4r ju som f\u00f6rfattare till rapporten j\u00e4vig, men min \u00f6vertygelse \u00e4r att denna utv\u00e4rdering inneh\u00e5ller mycket viktiga perspektiv f\u00f6r att utveckla en mer verksam integrationspolitik runt om i svenska samh\u00e4llet. Jag hoppas d\u00e4rf\u00f6r att ansvariga i olika roller l\u00e4ser rapporten och \u00f6verv\u00e4ger vilka m\u00f6jligheter den pekar p\u00e5. <\/p>\n\n\n\n<p>Rapporten kan laddas ner via <strong><a href=\"https:\/\/www.dropbox.com\/scl\/fi\/5wdhugpo223w2ol3u0y61\/Etableringslyftet.pdf?rlkey=vbfscgvc9of9cywjv5p5wdoxi&amp;dl=0\">denna l\u00e4nk<\/a><\/strong>. H\u00f6r g\u00e4rna av dig till mig om du vill resonera om n\u00e5got. Det var meningsfullt och roligt att genomf\u00f6ra det h\u00e4r utv\u00e4rderingsuppdraget, och jag \u00e4r f\u00f6rst\u00e5s \u00f6ppen f\u00f6r att \u00e5ta mig nya uppdrag av liknande slag. <\/p>\n\n\n\n<p><\/p>\n","protected":false},"excerpt":{"rendered":"<p>En utv\u00e4rdering av projektet Etableringslyftet Jag arbetade under v\u00e5ren 2025 med ett utv\u00e4rderingsuppdrag av &#8220;Etableringslyftet&#8221;, ett projekt som drivs av Sollentuna, Upplands V\u00e4sby och Sigtuna kommuner, och i n\u00e4ra samverkan med Arbetsf\u00f6rmedlingen. Verksamheten syftar till st\u00f6dja utrikesf\u00f6dda arbetsl\u00f6sa att f\u00e5 ett jobb, alternativt p\u00e5b\u00f6rja studier som leder till arbete. Projektet har haft mycket goda resultat, &hellip; <a href=\"http:\/\/blog.perspectus.se\/?p=976\" class=\"more-link\">Continue reading <span class=\"screen-reader-text\">Hur skapar vi f\u00f6ruts\u00e4ttningar f\u00f6r utrikesf\u00f6dda arbetsl\u00f6sa att kunna integrera sig p\u00e5 den svenska arbetsmarknaden?<\/span><\/a><\/p>\n","protected":false},"author":1,"featured_media":0,"comment_status":"open","ping_status":"open","sticky":false,"template":"","format":"standard","meta":{"jetpack_post_was_ever_published":false,"_jetpack_newsletter_access":"","_jetpack_dont_email_post_to_subs":false,"_jetpack_newsletter_tier_id":0,"_jetpack_memberships_contains_paywalled_content":false,"_jetpack_memberships_contains_paid_content":false,"footnotes":""},"categories":[23,9],"tags":[],"class_list":["post-976","post","type-post","status-publish","format-standard","hentry","category-komplexa-samhallsfragor","category-medvetenhet-i-samhallslivet"],"jetpack_featured_media_url":"","jetpack_sharing_enabled":true,"jetpack_likes_enabled":true,"_links":{"self":[{"href":"http:\/\/blog.perspectus.se\/index.php?rest_route=\/wp\/v2\/posts\/976","targetHints":{"allow":["GET"]}}],"collection":[{"href":"http:\/\/blog.perspectus.se\/index.php?rest_route=\/wp\/v2\/posts"}],"about":[{"href":"http:\/\/blog.perspectus.se\/index.php?rest_route=\/wp\/v2\/types\/post"}],"author":[{"embeddable":true,"href":"http:\/\/blog.perspectus.se\/index.php?rest_route=\/wp\/v2\/users\/1"}],"replies":[{"embeddable":true,"href":"http:\/\/blog.perspectus.se\/index.php?rest_route=%2Fwp%2Fv2%2Fcomments&post=976"}],"version-history":[{"count":3,"href":"http:\/\/blog.perspectus.se\/index.php?rest_route=\/wp\/v2\/posts\/976\/revisions"}],"predecessor-version":[{"id":983,"href":"http:\/\/blog.perspectus.se\/index.php?rest_route=\/wp\/v2\/posts\/976\/revisions\/983"}],"wp:attachment":[{"href":"http:\/\/blog.perspectus.se\/index.php?rest_route=%2Fwp%2Fv2%2Fmedia&parent=976"}],"wp:term":[{"taxonomy":"category","embeddable":true,"href":"http:\/\/blog.perspectus.se\/index.php?rest_route=%2Fwp%2Fv2%2Fcategories&post=976"},{"taxonomy":"post_tag","embeddable":true,"href":"http:\/\/blog.perspectus.se\/index.php?rest_route=%2Fwp%2Fv2%2Ftags&post=976"}],"curies":[{"name":"wp","href":"https:\/\/api.w.org\/{rel}","templated":true}]}}