{"id":953,"date":"2025-04-30T20:08:04","date_gmt":"2025-04-30T18:08:04","guid":{"rendered":"https:\/\/blog.perspectus.se\/?p=953"},"modified":"2025-04-30T20:08:06","modified_gmt":"2025-04-30T18:08:06","slug":"kort-poddsamtal-om-fem-nivaer-i-utvecklingen-av-politisk-kompetens","status":"publish","type":"post","link":"http:\/\/blog.perspectus.se\/?p=953","title":{"rendered":"Kort poddsamtal om fem niv\u00e5er i utvecklingen av politisk kompetens"},"content":{"rendered":"\n<p>Jag har tidigare (f\u00f6r 15 \u00e5r sedan) skrivit ett blogginl\u00e4gg om min kortfattade skrift om 5 niv\u00e5er i utvecklingen av politisk kompetens, som bygger p\u00e5 vuxenutvecklingspsykologi. Nu n\u00e4r jag fick tips om att NotebookLM \u00e4ntligen kan skapa syntetiska poddsamtal p\u00e5 svenska, s\u00e5 var mitt f\u00f6rsta test att l\u00e5ta dessa AI-poddare prata om just den texten. Det blev ett samtal p\u00e5 7 minuter, som du kan lyssna p\u00e5 via <a href=\"https:\/\/www.dropbox.com\/scl\/fi\/kz39qsbcrpv45w0wt8e1s\/Fem-Niv-er-i-Politisk-Kompetens.wav?rlkey=2jjnzivw8fqby2o8gbqabapde&amp;dl=0\"><strong>denna l\u00e4nk<\/strong><\/a>. <\/p>\n\n\n\n<p>Sj\u00e4lva skriften finns p\u00e5 <a href=\"https:\/\/www.dropbox.com\/scl\/fi\/z5557kekarmxwmc45okh3\/Fem-niv-er-i-politisk-kompetens.pdf?rlkey=e3hl564sf2k0866un3b1v57pb&amp;dl=0\"><strong>denna l\u00e4nk<\/strong><\/a>. <\/p>\n","protected":false},"excerpt":{"rendered":"<p>Jag har tidigare (f\u00f6r 15 \u00e5r sedan) skrivit ett blogginl\u00e4gg om min kortfattade skrift om 5 niv\u00e5er i utvecklingen av politisk kompetens, som bygger p\u00e5 vuxenutvecklingspsykologi. Nu n\u00e4r jag fick tips om att NotebookLM \u00e4ntligen kan skapa syntetiska poddsamtal p\u00e5 svenska, s\u00e5 var mitt f\u00f6rsta test att l\u00e5ta dessa AI-poddare prata om just den texten. &hellip; <a href=\"http:\/\/blog.perspectus.se\/?p=953\" class=\"more-link\">Continue reading <span class=\"screen-reader-text\">Kort poddsamtal om fem niv\u00e5er i utvecklingen av politisk kompetens<\/span><\/a><\/p>\n","protected":false},"author":1,"featured_media":0,"comment_status":"open","ping_status":"open","sticky":false,"template":"","format":"standard","meta":{"jetpack_post_was_ever_published":false,"_jetpack_newsletter_access":"","_jetpack_dont_email_post_to_subs":false,"_jetpack_newsletter_tier_id":0,"_jetpack_memberships_contains_paywalled_content":false,"_jetpack_memberships_contains_paid_content":false,"footnotes":""},"categories":[23,9],"tags":[],"class_list":["post-953","post","type-post","status-publish","format-standard","hentry","category-komplexa-samhallsfragor","category-medvetenhet-i-samhallslivet"],"jetpack_featured_media_url":"","jetpack_sharing_enabled":true,"jetpack_likes_enabled":true,"_links":{"self":[{"href":"http:\/\/blog.perspectus.se\/index.php?rest_route=\/wp\/v2\/posts\/953","targetHints":{"allow":["GET"]}}],"collection":[{"href":"http:\/\/blog.perspectus.se\/index.php?rest_route=\/wp\/v2\/posts"}],"about":[{"href":"http:\/\/blog.perspectus.se\/index.php?rest_route=\/wp\/v2\/types\/post"}],"author":[{"embeddable":true,"href":"http:\/\/blog.perspectus.se\/index.php?rest_route=\/wp\/v2\/users\/1"}],"replies":[{"embeddable":true,"href":"http:\/\/blog.perspectus.se\/index.php?rest_route=%2Fwp%2Fv2%2Fcomments&post=953"}],"version-history":[{"count":1,"href":"http:\/\/blog.perspectus.se\/index.php?rest_route=\/wp\/v2\/posts\/953\/revisions"}],"predecessor-version":[{"id":954,"href":"http:\/\/blog.perspectus.se\/index.php?rest_route=\/wp\/v2\/posts\/953\/revisions\/954"}],"wp:attachment":[{"href":"http:\/\/blog.perspectus.se\/index.php?rest_route=%2Fwp%2Fv2%2Fmedia&parent=953"}],"wp:term":[{"taxonomy":"category","embeddable":true,"href":"http:\/\/blog.perspectus.se\/index.php?rest_route=%2Fwp%2Fv2%2Fcategories&post=953"},{"taxonomy":"post_tag","embeddable":true,"href":"http:\/\/blog.perspectus.se\/index.php?rest_route=%2Fwp%2Fv2%2Ftags&post=953"}],"curies":[{"name":"wp","href":"https:\/\/api.w.org\/{rel}","templated":true}]}}