{"id":693,"date":"2021-12-12T14:43:36","date_gmt":"2021-12-12T12:43:36","guid":{"rendered":"http:\/\/blog.perspectus.se\/?p=693"},"modified":"2021-12-18T15:17:29","modified_gmt":"2021-12-18T13:17:29","slug":"the-inner-development-goals-framework-intro","status":"publish","type":"post","link":"http:\/\/blog.perspectus.se\/?p=693","title":{"rendered":"The Inner Development Goals framework (intro)"},"content":{"rendered":"\n<p>Under h\u00f6sten 2020 och v\u00e5ren\/sommaren 2021 arbetade jag med f\u00f6rsta fasen i projektet Inner Development Goals (IDG, se vidare <a rel=\"noreferrer noopener\" href=\"http:\/\/innerdevelopmentgoals.org\" target=\"_blank\">http:\/\/innerdevelopmentgoals.org<\/a>). Projektets namn anspelar p\u00e5 FNs Agenda 2030 med sina 17 omr\u00e5den f\u00f6r Sustainable Development Goals. Jag ska inte ta plats h\u00e4r f\u00f6r att mer ing\u00e5ende beskriva projektets bakgrund och metodik, detta finns beskrivet ing\u00e5ende i den rapport jag skrivit (<a href=\"http:\/\/www.innerdevelopmentgoals.org\/s\/211201_IDG_Report_Full.pdf\">http:\/\/www.innerdevelopmentgoals.org\/s\/211201_IDG_Report_Full.pdf<\/a>). Men grundtanken bakom projektet \u00e4r att v\u00e4rlden st\u00e5r inf\u00f6r angel\u00e4gna utmaningar, som vi ocks\u00e5 har mycket kunskap om. FNs Sustainable Development Goals formulerar vad vi borde uppn\u00e5 b\u00e5de f\u00f6r att &#8220;r\u00e4dda v\u00e4rlden&#8221; och att uppn\u00e5 en b\u00e4ttre v\u00e4rld vad g\u00e4ller milj\u00f6, folkh\u00e4lsa, m\u00e4nskliga r\u00e4ttigheter, etc. Men vi \u00e4r inte s\u00e5 framg\u00e5ngsrika med att uppfylla m\u00e5len s\u00e5 l\u00e5ngt. En anledning till detta \u00e4r att vi inte \u00e4gnat tillr\u00e4ckligt med uppm\u00e4rksamhet och investeringar i att utveckla v\u00e5ra kapaciteter, b\u00e5de som individer och som organisationer och samh\u00e4llen. Projektets f\u00f6rsta fas handlade om att identifiera och formulera vad det nu \u00e4r f\u00f6r f\u00e4rdigheter och kvaliteter vi beh\u00f6ver utveckla mer av. I en andra fas, som just p\u00e5b\u00f6rjats, \u00e4r m\u00e5let att inventera och beskriva metodik f\u00f6r att fr\u00e4mja utvecklingen av dessa f\u00e4rdigheter och kvaliteter. <\/p>\n\n\n\n<p>Jag hade rollen som &#8220;metodledare&#8221; i IDG-projektet, vilket innebar att jag var drivande och koordinerande i att utforma insamlingen av data, koda data och formulera en f\u00f6rsta version av &#8220;Inner Development Goals&#8221;. Det arbete vi gjorde, d\u00e4r \u00f6ver 800 personer bidrog med f\u00f6rslag p\u00e5 viktiga f\u00e4rdigheter och kvaliteter, ledde s\u00e5 sm\u00e5ningom fram till ett ramverk best\u00e5ende av 23 nyckelf\u00e4rdigheter och kvaliteter, ordnade i fem grupper, som kom att kallas <strong>Being<\/strong> &#8211; Relationship to Self; <strong>Thinking<\/strong> &#8211; Cognitive Skills; <strong>Relating<\/strong> &#8211; Caring for Others and for the World; <strong>Collaborating<\/strong> &#8211; Social Skills; och <strong>Acting<\/strong> &#8211; Driving Change. <\/p>\n\n\n\n<p>Jag \u00e4r stolt \u00f6ver rapporten (l\u00e4nk ovan) som jag skrev ihop i somras (som m\u00e5nga bidragit till), men jag vet ocks\u00e5 att det inte \u00e4r s\u00e5 m\u00e5nga som faktiskt l\u00e4ser rapporter. Jag t\u00e4nkte d\u00e4rf\u00f6r att presentera utdrag ur rapporten h\u00e4r, genom att en i taget presentera de 23 f\u00e4rdigheterna och kvaliteterna i korta blogginl\u00e4gg. I rapporten \u00e4r de inte numrerade, vilket kanske var dumt, det hade kanske underl\u00e4ttat orienteringen. Men h\u00e4r l\u00e4gger jag ut de korta beskrivande texterna f\u00f6r varje f\u00e4rdighet\/kvalitet i den ordning de behandlas i rapporten, och f\u00f6rser dem med nummer. Eftersom rapporten \u00e4r p\u00e5 engelska blir ocks\u00e5 dessa blogginl\u00e4gg p\u00e5 engelska. <\/p>\n\n\n\n<p>En \u00f6versikt \u00f6ver de 23 f\u00e4rdigheterna och kvaliteterna finns <a href=\"http:\/\/media.perspectus.se\/2021\/12\/IDG-The-23-skills-and-qualities.pdf\"><strong>h\u00e4r<\/strong><\/a>. <\/p>\n\n\n\n<p><a href=\"http:\/\/blog.perspectus.se\/?p=696\"><strong>Inner Development Goals: 1 Inner Compass<\/strong><\/a><\/p>\n","protected":false},"excerpt":{"rendered":"<p>Under h\u00f6sten 2020 och v\u00e5ren\/sommaren 2021 arbetade jag med f\u00f6rsta fasen i projektet Inner Development Goals (IDG, se vidare http:\/\/innerdevelopmentgoals.org). Projektets namn anspelar p\u00e5 FNs Agenda 2030 med sina 17 omr\u00e5den f\u00f6r Sustainable Development Goals. Jag ska inte ta plats h\u00e4r f\u00f6r att mer ing\u00e5ende beskriva projektets bakgrund och metodik, detta finns beskrivet ing\u00e5ende i &hellip; <a href=\"http:\/\/blog.perspectus.se\/?p=693\" class=\"more-link\">Continue reading <span class=\"screen-reader-text\">The Inner Development Goals framework (intro)<\/span><\/a><\/p>\n","protected":false},"author":1,"featured_media":0,"comment_status":"open","ping_status":"open","sticky":false,"template":"","format":"standard","meta":{"jetpack_post_was_ever_published":false,"_jetpack_newsletter_access":"","_jetpack_dont_email_post_to_subs":false,"_jetpack_newsletter_tier_id":0,"_jetpack_memberships_contains_paywalled_content":false,"_jetpack_memberships_contains_paid_content":false,"footnotes":""},"categories":[23,9],"tags":[],"class_list":["post-693","post","type-post","status-publish","format-standard","hentry","category-komplexa-samhallsfragor","category-medvetenhet-i-samhallslivet"],"jetpack_featured_media_url":"","jetpack_sharing_enabled":true,"jetpack_likes_enabled":true,"_links":{"self":[{"href":"http:\/\/blog.perspectus.se\/index.php?rest_route=\/wp\/v2\/posts\/693","targetHints":{"allow":["GET"]}}],"collection":[{"href":"http:\/\/blog.perspectus.se\/index.php?rest_route=\/wp\/v2\/posts"}],"about":[{"href":"http:\/\/blog.perspectus.se\/index.php?rest_route=\/wp\/v2\/types\/post"}],"author":[{"embeddable":true,"href":"http:\/\/blog.perspectus.se\/index.php?rest_route=\/wp\/v2\/users\/1"}],"replies":[{"embeddable":true,"href":"http:\/\/blog.perspectus.se\/index.php?rest_route=%2Fwp%2Fv2%2Fcomments&post=693"}],"version-history":[{"count":7,"href":"http:\/\/blog.perspectus.se\/index.php?rest_route=\/wp\/v2\/posts\/693\/revisions"}],"predecessor-version":[{"id":771,"href":"http:\/\/blog.perspectus.se\/index.php?rest_route=\/wp\/v2\/posts\/693\/revisions\/771"}],"wp:attachment":[{"href":"http:\/\/blog.perspectus.se\/index.php?rest_route=%2Fwp%2Fv2%2Fmedia&parent=693"}],"wp:term":[{"taxonomy":"category","embeddable":true,"href":"http:\/\/blog.perspectus.se\/index.php?rest_route=%2Fwp%2Fv2%2Fcategories&post=693"},{"taxonomy":"post_tag","embeddable":true,"href":"http:\/\/blog.perspectus.se\/index.php?rest_route=%2Fwp%2Fv2%2Ftags&post=693"}],"curies":[{"name":"wp","href":"https:\/\/api.w.org\/{rel}","templated":true}]}}