{"id":635,"date":"2018-08-18T18:06:04","date_gmt":"2018-08-18T16:06:04","guid":{"rendered":"http:\/\/blog.perspectus.se\/?p=635"},"modified":"2018-08-28T10:10:46","modified_gmt":"2018-08-28T08:10:46","slug":"recension-av-anneli-mattsons-bok-krankt-eller-sarbehandlad-kaks-en-modell-for-utredning-av-krankande-sarbehandling","status":"publish","type":"post","link":"http:\/\/blog.perspectus.se\/?p=635","title":{"rendered":"Recension av Anneli Mattsons bok \u201dKr\u00e4nkt eller S\u00e4rbehandlad: KAKS \u2013 En modell f\u00f6r utredning av kr\u00e4nkande s\u00e4rbehandling\u201d"},"content":{"rendered":"<p>F\u00f6r f\u00f6rsta g\u00e5ngen har denna blogg en &#8220;g\u00e4stskribent&#8221; :-). Stefan Blomberg, forskare vid Arbets- och milj\u00f6medicin i Link\u00f6ping med inriktning p\u00e5 mobbning i arbetslivet, fr\u00e5gade mig om jag ville publicera hans recension av Anneli Matssons relativt nyutkomna bok \u201dKr\u00e4nkt eller S\u00e4rbehandlad: KAKS \u2013 En modell f\u00f6r utredning av kr\u00e4nkande s\u00e4rbehandling\u201d. Det g\u00f6r jag g\u00e4rna. Stefan \u00e4r ju sj\u00e4lv en engagerad f\u00f6respr\u00e5kare av utredningsmetodiken Faktaunders\u00f8kelse, som Anneli erbjuder ett alternativ till. Mycket bra, tycker jag, att det utvecklas en seri\u00f6s och nyanserad diskussion om metodik f\u00f6r att utreda anm\u00e4lningar av kr\u00e4nkande s\u00e4rbehandling, d\u00e4r det knappast kan finnas n\u00e5gra enkla och tv\u00e4rs\u00e4kra svar p\u00e5 hur man ska g\u00f6ra. Som Stefan ocks\u00e5 skriver \u00e4r Annelis bok mycket l\u00e4sv\u00e4rd och jag hoppas att alla de som \u00e5tar sig uppdrag att utreda \u00e4renden kring kr\u00e4nkande s\u00e4rbehandling\/mobbning l\u00e4ser b\u00e5de hennes bok och Stefans egen bok Mobbning p\u00e5 jobbet.<\/p>\n<p>Recensionen kan du l\u00e4sa via nedanst\u00e5ende l\u00e4nk.<\/p>\n<p><a href=\"http:\/\/media.perspectus.se\/2018\/08\/Recension-av-Anneli-Matssons-bok-KAKS.pdf\">Recension av Anneli Matssons bok KAKS<\/a><\/p>\n<p><strong>Till\u00e4gg 28.8 2018<\/strong>: Anneli har skrivit en replik p\u00e5 Stefans recension. Den finns att l\u00e4sa h\u00e4r:<\/p>\n<p><a href=\"https:\/\/www.linkedin.com\/pulse\/replik-p%C3%A5-stefan-blombergs-recension-av-kr%C3%A4nkt-eller-anneli-matsson\/\" target=\"_blank\" rel=\"noopener\">Anneli Matssons replik till Stefan Blombergs recension<\/a><\/p>\n<p>Stefan har i sin tur skrivit en replik till repliken:<\/p>\n<p><a href=\"http:\/\/media.perspectus.se\/2018\/08\/Om-KAKS-2.pdf\">Replik p\u00e5 Anneli Matssons kritik mot min recension av hennes bok <\/a><\/p>\n<p>&nbsp;<\/p>\n<p>&nbsp;<\/p>\n","protected":false},"excerpt":{"rendered":"<p>F\u00f6r f\u00f6rsta g\u00e5ngen har denna blogg en &#8220;g\u00e4stskribent&#8221; :-). Stefan Blomberg, forskare vid Arbets- och milj\u00f6medicin i Link\u00f6ping med inriktning p\u00e5 mobbning i arbetslivet, fr\u00e5gade mig om jag ville publicera hans recension av Anneli Matssons relativt nyutkomna bok \u201dKr\u00e4nkt eller S\u00e4rbehandlad: KAKS \u2013 En modell f\u00f6r utredning av kr\u00e4nkande s\u00e4rbehandling\u201d. Det g\u00f6r jag g\u00e4rna. Stefan &hellip; <a href=\"http:\/\/blog.perspectus.se\/?p=635\" class=\"more-link\">Continue reading <span class=\"screen-reader-text\">Recension av Anneli Mattsons bok \u201dKr\u00e4nkt eller S\u00e4rbehandlad: KAKS \u2013 En modell f\u00f6r utredning av kr\u00e4nkande s\u00e4rbehandling\u201d<\/span><\/a><\/p>\n","protected":false},"author":1,"featured_media":0,"comment_status":"open","ping_status":"open","sticky":false,"template":"","format":"standard","meta":{"jetpack_post_was_ever_published":false,"_jetpack_newsletter_access":"","_jetpack_dont_email_post_to_subs":false,"_jetpack_newsletter_tier_id":0,"_jetpack_memberships_contains_paywalled_content":false,"_jetpack_memberships_contains_paid_content":false,"footnotes":""},"categories":[16],"tags":[],"class_list":["post-635","post","type-post","status-publish","format-standard","hentry","category-tekniker-och-metoder-for-konfliktbearbetning"],"jetpack_featured_media_url":"","jetpack_sharing_enabled":true,"jetpack_likes_enabled":true,"_links":{"self":[{"href":"http:\/\/blog.perspectus.se\/index.php?rest_route=\/wp\/v2\/posts\/635","targetHints":{"allow":["GET"]}}],"collection":[{"href":"http:\/\/blog.perspectus.se\/index.php?rest_route=\/wp\/v2\/posts"}],"about":[{"href":"http:\/\/blog.perspectus.se\/index.php?rest_route=\/wp\/v2\/types\/post"}],"author":[{"embeddable":true,"href":"http:\/\/blog.perspectus.se\/index.php?rest_route=\/wp\/v2\/users\/1"}],"replies":[{"embeddable":true,"href":"http:\/\/blog.perspectus.se\/index.php?rest_route=%2Fwp%2Fv2%2Fcomments&post=635"}],"version-history":[{"count":5,"href":"http:\/\/blog.perspectus.se\/index.php?rest_route=\/wp\/v2\/posts\/635\/revisions"}],"predecessor-version":[{"id":647,"href":"http:\/\/blog.perspectus.se\/index.php?rest_route=\/wp\/v2\/posts\/635\/revisions\/647"}],"wp:attachment":[{"href":"http:\/\/blog.perspectus.se\/index.php?rest_route=%2Fwp%2Fv2%2Fmedia&parent=635"}],"wp:term":[{"taxonomy":"category","embeddable":true,"href":"http:\/\/blog.perspectus.se\/index.php?rest_route=%2Fwp%2Fv2%2Fcategories&post=635"},{"taxonomy":"post_tag","embeddable":true,"href":"http:\/\/blog.perspectus.se\/index.php?rest_route=%2Fwp%2Fv2%2Ftags&post=635"}],"curies":[{"name":"wp","href":"https:\/\/api.w.org\/{rel}","templated":true}]}}