{"id":623,"date":"2018-08-17T13:27:07","date_gmt":"2018-08-17T11:27:07","guid":{"rendered":"http:\/\/blog.perspectus.se\/?p=623"},"modified":"2018-08-17T18:26:29","modified_gmt":"2018-08-17T16:26:29","slug":"infor-riksdags-landstings-och-kommunalvalen-anvand-programteori","status":"publish","type":"post","link":"http:\/\/blog.perspectus.se\/?p=623","title":{"rendered":"Hur ska du r\u00f6sta i riksdags-, landstings- och kommunalvalen? Ett f\u00f6rslag: anv\u00e4nd programteori"},"content":{"rendered":"<p>9 september 2018 st\u00e5r vi alla inf\u00f6r besluten om hur vi ska r\u00f6sta (eller l\u00e5ta bli) i valen till de politiska f\u00f6rsamlingarna p\u00e5 olika niv\u00e5er. Det finns m\u00e5nga partier att v\u00e4lja p\u00e5 och inte alla av oss \u00e4r tv\u00e4rs\u00e4kra p\u00e5 hur vi vill r\u00f6sta. Programteori \u00e4r ett kunskapsomr\u00e5de som erbjuder st\u00f6d f\u00f6r att f\u00e5 st\u00f6rre klarhet vid strategival av olika slag (se Funnell &amp; Rogers, referens nedan). Programteori anv\u00e4nds mest n\u00e4r man vill g\u00f6ra utv\u00e4rderingar av olika typer av f\u00f6r\u00e4ndringsprojekt, f\u00f6r att bed\u00f6ma om de strategier som anv\u00e4nds verkar vettiga och om de fungerar som avsett. Delar av programteorin kan vara mycket klarg\u00f6rande n\u00e4r man ska best\u00e4mma sig f\u00f6r vilket\/vilka partier man vill st\u00f6dja i valet.<\/p>\n<p>Det viktigaste bidraget programteori erbjuder \u00e4r begreppet <em>f\u00f6r\u00e4ndringsteorier,<\/em> det vill s\u00e4ga hur man f\u00f6rest\u00e4ller sig de mekanismer (t.ex. politiska beslut om \u00e5tg\u00e4rder) som ska kunna leda till att man uppn\u00e5r de m\u00e5l man valt ut som viktiga. Jag har valt ut tre infallsvinklar fr\u00e5n programteori och formulerat ett antal fr\u00e5gor man som v\u00e4ljare kan anv\u00e4nda sig av:<\/p>\n<ul>\n<li>Problemformulering<\/li>\n<li>M\u00e5l och visioner<\/li>\n<li>F\u00f6r\u00e4ndringsteorier och \u00e5tg\u00e4rdsf\u00f6rslag<\/li>\n<\/ul>\n<p>N\u00e4r du granskar ett visst parti och \u00f6verv\u00e4ger om du kan t\u00e4nka dig r\u00f6sta p\u00e5 det, kan man med ledning av programteori formulera f\u00f6ljande fr\u00e5gor:<\/p>\n<p><strong>Problemformulering<\/strong><\/p>\n<ol>\n<li>Hur beskriver partiet vilka samh\u00e4llsfr\u00e5gor, problem och uppgifter som \u00e4r viktiga?<\/li>\n<li>Vilka, enligt dig, viktiga samh\u00e4llsfr\u00e5gor saknas i partiets budskap? (J\u00e4mf\u00f6r med de samh\u00e4llsfr\u00e5gor som pekas ut som centrala av andra partier)<\/li>\n<li>Tycker du att partiets problembeskrivning \u00e4r tr\u00e4ffande?<\/li>\n<li>Vilka orsaker pekas ut som f\u00f6rklaringar till de problem som anses angel\u00e4gna?<\/li>\n<li>Vilka alternativa syns\u00e4tt p\u00e5 orsakssammanhang finns i samh\u00e4llsdebatten?<\/li>\n<li>Tror du att partiets syn p\u00e5 orsakssammanhang \u00e4r tr\u00e4ffande, eller saknas viktiga faktorer och sammanhang?<\/li>\n<li>Avspeglar partiets grundl\u00e4ggande v\u00e4rderingar det som \u00e4r viktigt f\u00f6r dig?<\/li>\n<\/ol>\n<p><strong>M\u00e5l och visioner<\/strong><\/p>\n<ol>\n<li>Vad vill partiet uppn\u00e5 inom f\u00f6r dig viktiga omr\u00e5den?<\/li>\n<li>\u00c4r dessa m\u00e5l s\u00e5 konkret formulerade att de kan ses som trov\u00e4rdiga?<\/li>\n<li>Vilka efterstr\u00e4vansv\u00e4rda m\u00e5l pekar andra partier ut, som lyser med sin fr\u00e5nvaro hos det aktuella partiet?<\/li>\n<li>Finns det m\u00e5l och visioner som \u00e4r viktiga f\u00f6r dig, som partiet inte har prioriterat?<\/li>\n<\/ol>\n<p><strong>F\u00f6r\u00e4ndringsteorier och \u00e5tg\u00e4rdsf\u00f6rslag<\/strong><\/p>\n<ol>\n<li>Vilka \u00f6vertygelser har partiet om mekanismer som kan s\u00e4ttas i arbete f\u00f6r att man ska kunna uppn\u00e5 de m\u00e5l och visioner man har? (t.ex. lagstiftning, investeringar, f\u00f6r\u00e4ndringar av regelverk, f\u00f6r\u00e4ndring av resursf\u00f6rdelning f\u00f6r st\u00f6d, kontroll, \u00e4ndring av beskattningsprinciper, etc.)<\/li>\n<li>Beskriver partiet de \u00e5tg\u00e4rder man vill vidta tillr\u00e4ckligt konkret f\u00f6r att man ska kunna g\u00f6ra sin egen bed\u00f6mning av genomf\u00f6rbarheten?<\/li>\n<li>Vilka inv\u00e4ndningar tror du att <em>andra<\/em> partier har om partiets strategier, s\u00e4rskilt vad g\u00e4ller (1) m\u00f6jliga o\u00f6nskade konsekvenser, (2) hinder som inte beaktats och (3) problem som den f\u00f6reslagna strategin inte erbjuder l\u00f6sningar f\u00f6r?<\/li>\n<li>Tror du att de f\u00f6reslagna strategierna verkligen skulle kunna fungera som det \u00e4r t\u00e4nkt, d.v.s. leda till f\u00f6rverkligande av de utpekade m\u00e5len?<\/li>\n<\/ol>\n<p>**************************************************<\/p>\n<p>Jag skulle ju \u00f6nska att politiska journalister pressade partierna att tydligt formulera sina programteorier s\u00e5 att vi kan j\u00e4mf\u00f6ra deras trov\u00e4rdighet, t.ex. i fr\u00e5gor som utsatta f\u00f6rortsomr\u00e5den, omst\u00e4llning av klimatp\u00e5verkande samh\u00e4llsf\u00f6reteelser, folkh\u00e4lsoproblematik, etc. Om vi kan f\u00e5 klara besked om hur partierna f\u00f6r\u00e4ndringsteorier ser ut och hur de konkret avser att f\u00f6rs\u00f6ka oms\u00e4tta dessa i praktiken genom olika \u00e5tg\u00e4rder, d\u00e5 f\u00e5r vi st\u00f6rre m\u00f6jligheter att sj\u00e4lvst\u00e4ndigt bed\u00f6ma trov\u00e4rdigheten i politiska program. Avg\u00f6rande \u00e4r m\u00f6jligheten att <em>j\u00e4mf\u00f6ra<\/em> partiernas f\u00f6r\u00e4ndringsteorier. F\u00f6rst n\u00e4r ett partis f\u00f6r\u00e4ndringsteori inom ett visst politikomr\u00e5de kontrasteras med andra partiers alternativa f\u00f6r\u00e4ndringsteorier uppst\u00e5r en st\u00f6rre \u00f6verblick \u00f6ver styrkor och svagheter i politiska program. Programteori kan bidra till mer precision i formuleringen av f\u00f6r\u00e4ndringsprogram, och d\u00e4rmed mer informerat st\u00e4llningstagande till de olika f\u00f6rslag som finns.<\/p>\n<p>**************************************************<\/p>\n<p><em>Om programteori:<\/em><\/p>\n<p>Funnell, S. C., &amp; Rogers, P. J. (2011). <em>Purposeful program theory: Effective use of theories of change and logic models<\/em> (Vol. 31). John Wiley &amp; Sons.<\/p>\n<p>&nbsp;<\/p>\n","protected":false},"excerpt":{"rendered":"<p>9 september 2018 st\u00e5r vi alla inf\u00f6r besluten om hur vi ska r\u00f6sta (eller l\u00e5ta bli) i valen till de politiska f\u00f6rsamlingarna p\u00e5 olika niv\u00e5er. Det finns m\u00e5nga partier att v\u00e4lja p\u00e5 och inte alla av oss \u00e4r tv\u00e4rs\u00e4kra p\u00e5 hur vi vill r\u00f6sta. Programteori \u00e4r ett kunskapsomr\u00e5de som erbjuder st\u00f6d f\u00f6r att f\u00e5 st\u00f6rre &hellip; <a href=\"http:\/\/blog.perspectus.se\/?p=623\" class=\"more-link\">Continue reading <span class=\"screen-reader-text\">Hur ska du r\u00f6sta i riksdags-, landstings- och kommunalvalen? Ett f\u00f6rslag: anv\u00e4nd programteori<\/span><\/a><\/p>\n","protected":false},"author":1,"featured_media":0,"comment_status":"open","ping_status":"open","sticky":false,"template":"","format":"standard","meta":{"jetpack_post_was_ever_published":false,"_jetpack_newsletter_access":"","_jetpack_dont_email_post_to_subs":false,"_jetpack_newsletter_tier_id":0,"_jetpack_memberships_contains_paywalled_content":false,"_jetpack_memberships_contains_paid_content":false,"footnotes":""},"categories":[23,9],"tags":[],"class_list":["post-623","post","type-post","status-publish","format-standard","hentry","category-komplexa-samhallsfragor","category-medvetenhet-i-samhallslivet"],"jetpack_featured_media_url":"","jetpack_sharing_enabled":true,"jetpack_likes_enabled":true,"_links":{"self":[{"href":"http:\/\/blog.perspectus.se\/index.php?rest_route=\/wp\/v2\/posts\/623","targetHints":{"allow":["GET"]}}],"collection":[{"href":"http:\/\/blog.perspectus.se\/index.php?rest_route=\/wp\/v2\/posts"}],"about":[{"href":"http:\/\/blog.perspectus.se\/index.php?rest_route=\/wp\/v2\/types\/post"}],"author":[{"embeddable":true,"href":"http:\/\/blog.perspectus.se\/index.php?rest_route=\/wp\/v2\/users\/1"}],"replies":[{"embeddable":true,"href":"http:\/\/blog.perspectus.se\/index.php?rest_route=%2Fwp%2Fv2%2Fcomments&post=623"}],"version-history":[{"count":4,"href":"http:\/\/blog.perspectus.se\/index.php?rest_route=\/wp\/v2\/posts\/623\/revisions"}],"predecessor-version":[{"id":634,"href":"http:\/\/blog.perspectus.se\/index.php?rest_route=\/wp\/v2\/posts\/623\/revisions\/634"}],"wp:attachment":[{"href":"http:\/\/blog.perspectus.se\/index.php?rest_route=%2Fwp%2Fv2%2Fmedia&parent=623"}],"wp:term":[{"taxonomy":"category","embeddable":true,"href":"http:\/\/blog.perspectus.se\/index.php?rest_route=%2Fwp%2Fv2%2Fcategories&post=623"},{"taxonomy":"post_tag","embeddable":true,"href":"http:\/\/blog.perspectus.se\/index.php?rest_route=%2Fwp%2Fv2%2Ftags&post=623"}],"curies":[{"name":"wp","href":"https:\/\/api.w.org\/{rel}","templated":true}]}}