{"id":582,"date":"2016-08-27T13:42:59","date_gmt":"2016-08-27T11:42:59","guid":{"rendered":"http:\/\/blog.perspectus.se\/?p=582"},"modified":"2016-08-27T13:45:11","modified_gmt":"2016-08-27T11:45:11","slug":"samtal-om-svara-samtal-ljudfil","status":"publish","type":"post","link":"http:\/\/blog.perspectus.se\/?p=582","title":{"rendered":"Samtal om sv\u00e5ra samtal (ljudfil)"},"content":{"rendered":"<p>Min kollega Tone F\u00f6rsund fr\u00e5gade mig h\u00e4romveckan om vi kunde spela in ett samtal om sv\u00e5ra samtal, som skulle kunna anv\u00e4ndas som kompletterande material p\u00e5 kurser, fortbildningar och g\u00f6ras tillg\u00e4ngligt f\u00f6r alla intresserade. S\u00e5 ig\u00e5r satte vi oss ner och f\u00f6rde ett samtal i dryga 45 minuter om olika aspekter av sv\u00e5ra samtal. Tone var s\u00e4rskilt intresserad av att h\u00f6ra vad jag hade att s\u00e4ga om hur man kan ha nytta av vuxenutvecklingsperspektiv f\u00f6r att f\u00f6rst\u00e5 f\u00f6ruts\u00e4ttningarna att f\u00f6ra sv\u00e5ra samtal.<\/p>\n<p>Klickar du p\u00e5 l\u00e4nken nedan b\u00f6r du kunna lyssna p\u00e5 samtalet vi f\u00f6rde. Du kan ocks\u00e5 spara ned ljudfilen till din dator eller annan apparat. Du f\u00e5r g\u00e4rna anv\u00e4nda samtalet i utbildningar eller andra sammanhang, samt l\u00e4nka till det.<\/p>\n<p><strong><a href=\"http:\/\/thomasjordan.se\/svarasamtal.MP3\" target=\"_blank\">Samtal om sv\u00e5ra samtal<\/a><\/strong><\/p>\n<p>Om du lyssnar igenom samtalet och har reflektioner och kommentarer, s\u00e5 \u00e4r de mycket v\u00e4lkomna, t.ex. som kommentarer till denna bloggtext.<\/p>\n","protected":false},"excerpt":{"rendered":"<p>Min kollega Tone F\u00f6rsund fr\u00e5gade mig h\u00e4romveckan om vi kunde spela in ett samtal om sv\u00e5ra samtal, som skulle kunna anv\u00e4ndas som kompletterande material p\u00e5 kurser, fortbildningar och g\u00f6ras tillg\u00e4ngligt f\u00f6r alla intresserade. S\u00e5 ig\u00e5r satte vi oss ner och f\u00f6rde ett samtal i dryga 45 minuter om olika aspekter av sv\u00e5ra samtal. Tone var &hellip; <a href=\"http:\/\/blog.perspectus.se\/?p=582\" class=\"more-link\">Continue reading <span class=\"screen-reader-text\">Samtal om sv\u00e5ra samtal (ljudfil)<\/span><\/a><\/p>\n","protected":false},"author":1,"featured_media":0,"comment_status":"open","ping_status":"open","sticky":false,"template":"","format":"standard","meta":{"jetpack_post_was_ever_published":false,"_jetpack_newsletter_access":"","_jetpack_dont_email_post_to_subs":false,"_jetpack_newsletter_tier_id":0,"_jetpack_memberships_contains_paywalled_content":false,"_jetpack_memberships_contains_paid_content":false,"footnotes":""},"categories":[13,16],"tags":[],"class_list":["post-582","post","type-post","status-publish","format-standard","hentry","category-kommunikation-och-konflikthantering","category-tekniker-och-metoder-for-konfliktbearbetning"],"jetpack_featured_media_url":"","jetpack_sharing_enabled":true,"jetpack_likes_enabled":true,"_links":{"self":[{"href":"http:\/\/blog.perspectus.se\/index.php?rest_route=\/wp\/v2\/posts\/582","targetHints":{"allow":["GET"]}}],"collection":[{"href":"http:\/\/blog.perspectus.se\/index.php?rest_route=\/wp\/v2\/posts"}],"about":[{"href":"http:\/\/blog.perspectus.se\/index.php?rest_route=\/wp\/v2\/types\/post"}],"author":[{"embeddable":true,"href":"http:\/\/blog.perspectus.se\/index.php?rest_route=\/wp\/v2\/users\/1"}],"replies":[{"embeddable":true,"href":"http:\/\/blog.perspectus.se\/index.php?rest_route=%2Fwp%2Fv2%2Fcomments&post=582"}],"version-history":[{"count":5,"href":"http:\/\/blog.perspectus.se\/index.php?rest_route=\/wp\/v2\/posts\/582\/revisions"}],"predecessor-version":[{"id":587,"href":"http:\/\/blog.perspectus.se\/index.php?rest_route=\/wp\/v2\/posts\/582\/revisions\/587"}],"wp:attachment":[{"href":"http:\/\/blog.perspectus.se\/index.php?rest_route=%2Fwp%2Fv2%2Fmedia&parent=582"}],"wp:term":[{"taxonomy":"category","embeddable":true,"href":"http:\/\/blog.perspectus.se\/index.php?rest_route=%2Fwp%2Fv2%2Fcategories&post=582"},{"taxonomy":"post_tag","embeddable":true,"href":"http:\/\/blog.perspectus.se\/index.php?rest_route=%2Fwp%2Fv2%2Ftags&post=582"}],"curies":[{"name":"wp","href":"https:\/\/api.w.org\/{rel}","templated":true}]}}