{"id":1021,"date":"2026-01-07T20:11:14","date_gmt":"2026-01-07T18:11:14","guid":{"rendered":"https:\/\/blog.perspectus.se\/?p=1021"},"modified":"2026-01-12T11:03:49","modified_gmt":"2026-01-12T09:03:49","slug":"mikroanalys-av-skav-i-kommunikation","status":"publish","type":"post","link":"http:\/\/blog.perspectus.se\/?p=1021","title":{"rendered":"Mikroanalys av skav i kommunikation"},"content":{"rendered":"\n<p>Trots titeln p\u00e5 detta inl\u00e4gg \u00e4r utg\u00e5ngspunkten min fortsatta skr\u00e4ckblandade fascination \u00f6ver vad generativ AI nu \u00e4r kapabla att g\u00f6ra. Jag ska illustrera med ett exempel som i sig \u00e4r h\u00f6gst meningsfullt (tycker jag): en modell som kan anv\u00e4ndas f\u00f6r att f\u00f6rst\u00e5 vad som h\u00e4nder i kommunikationen mellan tv\u00e5 personer n\u00e4r det uppst\u00e5r \u00e5terkommande friktioner och konflikt.<\/p>\n\n\n\n<p>S\u00e5 h\u00e4r: Jag hade i december f\u00f6rra \u00e5ret en tredje halvdag inom ramen f\u00f6r ett uppdrag f\u00f6r en enhet med kvalificerade analytiker. De tv\u00e5 f\u00f6reg\u00e5ende halvdagarna hade lett fram till att det fanns ett behov av att arbeta med temat intern kommunikation kollegor emellan. Jag gjorde ett antal olika saker under de tre timmarna vi hade. En av dem var att med utg\u00e5ngspunkt fr\u00e5n ett konkretiserat scenario presentera en modell f\u00f6r &#8220;mikroanalys av kommunikationssituationer med skav&#8221;. Inte full konflikt, men \u00e4nd\u00e5 betydande irritation och andra reaktioner. Modellen ser v\u00e4ldigt komplicerad ut, men om man presenterar den steg f\u00f6r steg s\u00e5 kan den vara en bra utg\u00e5ngspunkt f\u00f6r samtal om vad det \u00e4r som h\u00e4nder i s\u00e5dana situationer.<\/p>\n\n\n\n<p>Idag gjorde jag ett AI-experiment. Den f\u00f6rsta powerpointbilden (av 2) \u00e4r animerad i 9 steg. Jag gjorde om den till 10 (+1) separata bilder och skrev ut dem i pdf-format. <strong><a href=\"http:\/\/perspectus.se\/tj\/blogfiler\/Mikroanalys_av_kommunikation\/Mikroanalys_avancerad_steg.pdf\" target=\"_blank\" rel=\"noreferrer noopener\">H\u00e4r \u00e4r en l\u00e4nk till pdf-filen<\/a><\/strong>.<\/p>\n\n\n\n<p>Sedan laddade jag upp pdf-filen till Claude [AI] med f\u00f6ljande instruktion: <br><em>Skriv en f\u00f6redragstext baserad p\u00e5 bifogad pdf om kommunikation mellan tv\u00e5 personer d\u00e4r det<\/em> <em>finns en begynnande eller p\u00e5g\u00e5ende relationskonflikt.<\/em> Efter ett par sekunder producerade Claude d\u00e5 en f\u00f6redragstext. Den kan du se p\u00e5 <strong><a href=\"http:\/\/perspectus.se\/tj\/blogfiler\/Mikroanalys_av_kommunikation\/Claude_om_ppt_mikroanalys.pdf\" target=\"_blank\" rel=\"noreferrer noopener\">denna l\u00e4nk<\/a><\/strong>. Hoppla &#8230; Hur <em>i hundan<\/em> can Claude skriva en s\u00e5 bra text om modellen bara med utg\u00e5ngspunkt fr\u00e5n en serie powerpointbilder med boxar och pilar och ytterst lite text??<\/p>\n\n\n\n<p>Men sedan gjorde jag tv\u00e5 saker till. Jag laddade upp Claudes text plus pdf:en med powerpointbilderna till NotebookLM. Sedan bad jag NotebookLM att g\u00f6ra ett poddsamtal baserat p\u00e5 Claudes text. Vis av erfarenheten skrev jag f\u00f6ljande instruktion: <em>Samtala om filens inneh\u00e5ll i en saklig, professionell stil. Undvik att avbryta varandra, och undvik hurtiga ord, t.ex. \u201dexakt\u201d, \u201dprecis\u201d, \u201dokej\u201d.<\/em> Sedan f\u00e5r man ha v\u00e4ldigt t\u00e5lamod i 4-5 minuter innan man kan ladda ner poddsamtalet. Du kan lyssna p\u00e5 det via <strong><a href=\"http:\/\/perspectus.se\/tj\/blogfiler\/Mikroanalys_av_kommunikation\/Analysera_kommunikation_som_gatt_snett.m4a\" target=\"_blank\" rel=\"noreferrer noopener\">denna l\u00e4nk<\/a><\/strong> (knappt 15 minuter l\u00e5ngt):<br><br>D\u00e4refter bad jag NotebookLM att ocks\u00e5 g\u00f6ra en video baserad p\u00e5 samma material. D\u00e5 f\u00e5r man b\u00e5de bilder (helt andra \u00e4n i pdf:en med powerpointbilder) och ber\u00e4ttande tal. Den videon kan du se via <strong><a href=\"http:\/\/perspectus.se\/tj\/blogfiler\/Mikroanalys_av_kommunikation\/Varfor_vi_missforstar_varandra.mp4\" target=\"_blank\" rel=\"noreferrer noopener\">denna l\u00e4nk<\/a><\/strong>. <\/p>\n\n\n\n<p>Jag tycker det h\u00e4r \u00e4r skr\u00e4mmande. Jag borde ha vant mig vid det h\u00e4r laget, jag har ju \u00e4nd\u00e5 h\u00e5llit p\u00e5 r\u00e4tt l\u00e4nge nu att experimentera med generativ AIs talanger som f\u00f6rfattare. Men jag blir \u00e4nd\u00e5 sm\u00e5tt chockad. Hur kommer den h\u00e4r teknologin att f\u00f6rvandla samh\u00e4llet? Om\u00f6jligt att f\u00f6rutse, men f\u00f6r\u00e4ndringarna kommer att vara genomgripande.<\/p>\n\n\n\n<p>Jag tycker inte det g\u00e5r att f\u00f6rneka att det faktiskt ofta blir bra. Ibland v\u00e4ldigt bra. <\/p>\n\n\n\n<p>I den nya webbutiken (<strong><a href=\"http:\/\/resurser.thomasjordan.se\" target=\"_blank\" rel=\"noreferrer noopener\">resurser.thomasjordan.se<\/a><\/strong>) jag just satt upp kommer jag s\u00e4kert fram\u00f6ver att l\u00e4gga ut flera b\u00f6cker, skrifter och kanske \u00e4ven ljudmaterial som \u00e4r samskapat med generativ AI. Jag tvekar att anv\u00e4nda syntetiska r\u00f6ster annat \u00e4n i undantagsfall. Men kanske kommer vi att v\u00e4nja oss och inte tycka det \u00e4r konstigt alls. Det \u00e4r en ny genre, med sina egna s\u00e4rdrag. Liksom AI-f\u00f6rfattade b\u00f6cker och annat material.<\/p>\n","protected":false},"excerpt":{"rendered":"<p>Trots titeln p\u00e5 detta inl\u00e4gg \u00e4r utg\u00e5ngspunkten min fortsatta skr\u00e4ckblandade fascination \u00f6ver vad generativ AI nu \u00e4r kapabla att g\u00f6ra. Jag ska illustrera med ett exempel som i sig \u00e4r h\u00f6gst meningsfullt (tycker jag): en modell som kan anv\u00e4ndas f\u00f6r att f\u00f6rst\u00e5 vad som h\u00e4nder i kommunikationen mellan tv\u00e5 personer n\u00e4r det uppst\u00e5r \u00e5terkommande friktioner &hellip; <a href=\"http:\/\/blog.perspectus.se\/?p=1021\" class=\"more-link\">Continue reading <span class=\"screen-reader-text\">Mikroanalys av skav i kommunikation<\/span><\/a><\/p>\n","protected":false},"author":1,"featured_media":0,"comment_status":"open","ping_status":"open","sticky":false,"template":"","format":"standard","meta":{"jetpack_post_was_ever_published":false,"_jetpack_newsletter_access":"","_jetpack_dont_email_post_to_subs":false,"_jetpack_newsletter_tier_id":0,"_jetpack_memberships_contains_paywalled_content":false,"_jetpack_memberships_contains_paid_content":false,"footnotes":""},"categories":[45,13,16],"tags":[],"class_list":["post-1021","post","type-post","status-publish","format-standard","hentry","category-ai","category-kommunikation-och-konflikthantering","category-tekniker-och-metoder-for-konfliktbearbetning"],"jetpack_featured_media_url":"","jetpack_sharing_enabled":true,"jetpack_likes_enabled":true,"_links":{"self":[{"href":"http:\/\/blog.perspectus.se\/index.php?rest_route=\/wp\/v2\/posts\/1021","targetHints":{"allow":["GET"]}}],"collection":[{"href":"http:\/\/blog.perspectus.se\/index.php?rest_route=\/wp\/v2\/posts"}],"about":[{"href":"http:\/\/blog.perspectus.se\/index.php?rest_route=\/wp\/v2\/types\/post"}],"author":[{"embeddable":true,"href":"http:\/\/blog.perspectus.se\/index.php?rest_route=\/wp\/v2\/users\/1"}],"replies":[{"embeddable":true,"href":"http:\/\/blog.perspectus.se\/index.php?rest_route=%2Fwp%2Fv2%2Fcomments&post=1021"}],"version-history":[{"count":15,"href":"http:\/\/blog.perspectus.se\/index.php?rest_route=\/wp\/v2\/posts\/1021\/revisions"}],"predecessor-version":[{"id":1044,"href":"http:\/\/blog.perspectus.se\/index.php?rest_route=\/wp\/v2\/posts\/1021\/revisions\/1044"}],"wp:attachment":[{"href":"http:\/\/blog.perspectus.se\/index.php?rest_route=%2Fwp%2Fv2%2Fmedia&parent=1021"}],"wp:term":[{"taxonomy":"category","embeddable":true,"href":"http:\/\/blog.perspectus.se\/index.php?rest_route=%2Fwp%2Fv2%2Fcategories&post=1021"},{"taxonomy":"post_tag","embeddable":true,"href":"http:\/\/blog.perspectus.se\/index.php?rest_route=%2Fwp%2Fv2%2Ftags&post=1021"}],"curies":[{"name":"wp","href":"https:\/\/api.w.org\/{rel}","templated":true}]}}